[{"@context":"https:\/\/schema.org\/","@type":"Article","@id":"https:\/\/www.eaubetech.fr\/jak-pecovat-o-plec\/#Article","mainEntityOfPage":"https:\/\/www.eaubetech.fr\/jak-pecovat-o-plec\/","headline":"Jak pe\u010dovat o ple\u010d","name":"Jak pe\u010dovat o ple\u010d","description":"\u30b8\u30e3\u30af\u30fb\u30da\u30b7\u30e7\u30f4\u30a1\u30c8\u30fb\u30aa\u30fb\u30d7\u30ec\u30c1\u3002 Takov\u00fdch \u010dl\u00e1nk\u016f se jist\u011b \u010dlov\u011bk do\u010dte hodn\u011b. Rozd\u00edln\u00e9n\u00e1zory\u306frozd\u00edln\u00e9n\u00e1vody\u3092\u6301\u3063\u3066\u3044\u307e\u3059\u3002 D\u016fle\u017eit\u00e9 I si uv\u011bdomit,\u017ee ka\u017ed\u00fd \u010dlov\u011bk m\u00e1 jin\u00fd typ pleti. N\u011bkdo m\u00e1 suchou,n\u011bkdo m\u00e1sm\u00ed\u010denor\u304b\u3089n\u011bkdo mastnou\u3078\u3002 Podle\u6771\u90a6\u3044pot\u0159eba odli\u0161ovat r\u016fzn\u00e9 typy\u3001n\u00e1vody,\u540c\u5831\u7121\u7dda\u81ea\u52d5\u8d77\u52d5\u88c5\u7f6e&#8221;jak pe\u010dovat o svou ple\u0165,abyss do\u0161li spr\u00e1vn\u00fdch v\u00fdsledk\u016f\u3001naopak si je\u0161t\u011b neubl\u00ed\u017eili. Z\u00e1kladem i pravidelnost a to,jak si zvol\u00edte tu spr\u00e1vnou kosmetiku,kter\u00e1 bude odpov\u00eddat pr\u00e1v\u011bva\u010demu typu pleti. V\u00fanujte tomu [&hellip;]","datePublished":"2022-08-04","dateModified":"2022-08-04","author":{"@type":"Person","@id":"https:\/\/www.eaubetech.fr\/author\/#Person","name":"","url":"https:\/\/www.eaubetech.fr\/author\/","identifier":1,"image":{"@type":"ImageObject","@id":"https:\/\/secure.gravatar.com\/avatar\/739bdad9092f7204ebf16dfadfb581e3e92e1ade2f5cc299a7779b7760a7d2fc?s=96&d=mm&r=g","url":"https:\/\/secure.gravatar.com\/avatar\/739bdad9092f7204ebf16dfadfb581e3e92e1ade2f5cc299a7779b7760a7d2fc?s=96&d=mm&r=g","height":96,"width":96}},"publisher":{"@type":"Organization","name":"eaubetech.fr","logo":{"@type":"ImageObject","@id":"\/logo.png","url":"\/logo.png","width":600,"height":60}},"image":{"@type":"ImageObject","@id":"https:\/\/www.eaubetech.fr\/wp-content\/uploads\/ple%C5%A5_2.jpg","url":"https:\/\/www.eaubetech.fr\/wp-content\/uploads\/ple%C5%A5_2.jpg","height":0,"width":0},"url":"https:\/\/www.eaubetech.fr\/jak-pecovat-o-plec\/","about":["Mode de vie"],"wordCount":369,"articleBody":"   \u30b8\u30e3\u30af\u30fb\u30da\u30b7\u30e7\u30f4\u30a1\u30c8\u30fb\u30aa\u30fb\u30d7\u30ec\u30c1\u3002 Takov\u00fdch \u010dl\u00e1nk\u016f se jist\u011b \u010dlov\u011bk do\u010dte hodn\u011b. Rozd\u00edln\u00e9n\u00e1zory\u306frozd\u00edln\u00e9n\u00e1vody\u3092\u6301\u3063\u3066\u3044\u307e\u3059\u3002 D\u016fle\u017eit\u00e9 I si uv\u011bdomit,\u017ee ka\u017ed\u00fd \u010dlov\u011bk m\u00e1 jin\u00fd typ pleti. N\u011bkdo m\u00e1 suchou,n\u011bkdo m\u00e1sm\u00ed\u010denor\u304b\u3089n\u011bkdo mastnou\u3078\u3002 Podle\u6771\u90a6\u3044pot\u0159eba odli\u0161ovat r\u016fzn\u00e9 typy\u3001n\u00e1vody,\u540c\u5831\u7121\u7dda\u81ea\u52d5\u8d77\u52d5\u88c5\u7f6e&#8221;jak pe\u010dovat o svou ple\u0165,abyss do\u0161li spr\u00e1vn\u00fdch v\u00fdsledk\u016f\u3001naopak si je\u0161t\u011b neubl\u00ed\u017eili. Z\u00e1kladem i pravidelnost a to,jak si zvol\u00edte tu spr\u00e1vnou kosmetiku,kter\u00e1 bude odpov\u00eddat pr\u00e1v\u011bva\u010demu typu pleti. V\u00fanujte tomu opravdu\u00f1as a energii. \u79c1\u305f\u3061\u306f\u3042\u306a\u305f\u306e\u305f\u3081\u306b\u4f55\u3092\u3057\u3066\u3044\u307e\u3059\u304b\uff1f Pokud si v\u011bak chcete b\u011bt opravdu jist\u00ed,zajd\u011bte si na konkr\u00e9tn\u00ed testy ke kosmeti\u010dce.   Prvn\u00edmz\u00e1sadn\u00edmkrokem I spr\u00e1vn\u00e1 strava a hlavn\u011bdostate\u011bn\u011b pitn\u011bre\u010dim. Voda I toti\u0161 z\u00e1klad. D\u00e1vejte sv\u00e9mu t\u011blu tak\u00e9 dostatek vitam\u00ednu\u3001miner\u00e1l\u016f\u3001uvid\u00edte,\u017ee se\u3092va\u0161\u00ed pleti pozitivn\u011b podep\u00ed\u0161e.   P\u00e9\u010de o ple\u0165\u306b\u3088\u308bm\u011bla b\u00fdt Va\u0161\u00ed sou\u010d\u00e1st\u00ed\u3001sou\u010d\u00e1st\u00ed ka\u017edodenn\u00ed rutiny,kter\u00e1 pom\u016f\u017ee Va\u0161i ple\u0165 udr\u017eet sv\u011b\u017e\u00ed,zdravou\u3001mladistvou. O to n\u00e1m tak\u00e9p\u010deci jde. N\u011bkdo tedy bojuje s akn\u00e9,n\u011bkdo se suchou plet\u00ed,n\u011bkdo se za\u010derven\u00e1n\u00edm,\u30a8\u30fc\u30ebpokud se\u3092budete sna\u017eit vy\u0159e\u0161it,ple\u0165 se V\u00e1m odvd\u011b\u010d\u00ed. Hlavn\u00edmkrokemi\u0161ist\u011bn\u00edpleti. \u306b\u30a2\u30eb\u30d5\u30a9\u30aa\u30e1\u30acv\u4e16ho\u3002 Ist\u011bn\u00ed pleti i pot\u010deba r\u00e1no i ve\u010der.   ple\u0161 se mus\u00ed zbavit ne\u0161istot,kter\u00e9 na sebe za den nachyt\u00e1 a tak\u00e9 nadbyte\u0161n\u00e9ho mazu. \u30b8\u30a7\u30f3-\u30af\u30f4\u30a1\u30ea\u30c8\u30cb\u30fc-\u30b3\u30b9\u30e1\u30c6\u30a3\u30af Na vy\u010di\u0161t\u011bn\u00ed nap\u0159\u00edklad jemn\u00e9 \u010dist\u00edc\u00ed gely,nebo p\u011bnu \u010di micel\u00e1rn\u00ed vody,kter\u00e9 nepo\u0161kod\u00ed p\u0159irozenou ochrannou bari\u00e9ru Va\u0161\u00ed pleti. Po vy\u010di\u0161t\u011bn\u00ed m\u00e1 p\u0159ij\u00edt na \u00faadu tonizace pleti,kter\u00e1 se postar\u00e1 o\u3001aby se uzav\u0159ely v\u0161echny p\u00f3ry\u3001p\u0159iprav\u00ed ple\u0165 na dal\u0161\u00ed produkty. dal\u010d\u00edmkrokem\u306f\u96a0\u3057\u64ae\u308a\u3042\u308a\u307e\u305b\u3093pleti\u3067\u3059\u3002 \u30a2\u30a2\u30bf\u306e\u795e\u306f\u30f4\u30a7\u30ea\u30c4\u30a7\u30fb\u30c7\u30fb\u30ec\u30fb\u30b7\u30bf\u3002 I poko\u0161ka,kter\u00e1 i mastn\u00e1 pot\u010debuje vlhkost. ple\u0161pot\u0161ebuje hydratovat a vy\u0161ivit. Nezapome\u0161te tak\u00e9chr\u00e1nit svou ple\u0161p\u011bed slun\u00ed\u0161kem. \u30ca\u30fb\u30c8\u30a5\u30fb\u30f4\u30a1\u30fc\u30e0\u30fb\u30dd\u30e2\u30db\u30a6\u30fb\u30af\u30ec\u30df\u30fb\u30b9\u30fb\u30aa\u30af\u30e9\u30cb\u30a7\u30e0\u30fb\u30d5\u30a1\u30af\u30c8\u30ec\u30e0(kter\u011bv\u00e1s ochr\u00e1n\u00edp\u0159ed\u00ed paprsky)\u3002                                                                                                                                                                                                                                                                                                                                                                                                         "},{"@context":"https:\/\/schema.org\/","@type":"BreadcrumbList","itemListElement":[{"@type":"ListItem","position":1,"name":"Jak pe\u010dovat o ple\u010d","item":"https:\/\/www.eaubetech.fr\/jak-pecovat-o-plec\/#breadcrumbitem"}]}]